{"id":3329,"date":"2021-06-15T08:21:53","date_gmt":"2021-06-15T06:21:53","guid":{"rendered":"https:\/\/mregio.de\/bez-kategorii\/planowanie-gabinetu-regionalnego-online-pomoc-w-ochronie-klimatu\/"},"modified":"2021-06-15T08:21:53","modified_gmt":"2021-06-15T06:21:53","slug":"planowanie-gabinetu-regionalnego-online-pomoc-w-ochronie-klimatu","status":"publish","type":"post","link":"https:\/\/mregio.de\/pl\/szafka-online\/planowanie-gabinetu-regionalnego-online-pomoc-w-ochronie-klimatu\/","title":{"rendered":"Planowanie gabinetu regionalnego online: Pomoc w ochronie klimatu"},"content":{"rendered":"<figure id=\"attachment_1432\" aria-describedby=\"caption-attachment-1432\" style=\"width: 300px\" class=\"wp-caption alignleft\"><img decoding=\"async\" class=\"wp-image-1432 size-medium\" src=\"https:\/\/mregio.de\/wp-content\/uploads\/2021\/06\/co2-3139225_1280-300x158.jpg\" alt=\"Planowanie szafek online: Redukcja emisji CO2\" width=\"300\" height=\"158\" title=\"\" srcset=\"https:\/\/mregio.de\/wp-content\/uploads\/2021\/06\/co2-3139225_1280-300x158.jpg 300w, https:\/\/mregio.de\/wp-content\/uploads\/2021\/06\/co2-3139225_1280-1024x538.jpg 1024w, https:\/\/mregio.de\/wp-content\/uploads\/2021\/06\/co2-3139225_1280-768x403.jpg 768w, https:\/\/mregio.de\/wp-content\/uploads\/2021\/06\/co2-3139225_1280.jpg 1280w\" sizes=\"(max-width: 300px) 100vw, 300px\" \/><figcaption id=\"caption-attachment-1432\" class=\"wp-caption-text\">Obraz <a href=\"https:\/\/pixabay.com\/de\/users\/geralt-9301\/?utm_source=link-attribution&amp;utm_medium=referral&amp;utm_campaign=image&amp;utm_content=3139225\" rel=\"nofollow noopener\" target=\"_blank\">Gerd Altmann<\/a> z <a href=\"https:\/\/pixabay.com\/de\/?utm_source=link-attribution&amp;utm_medium=referral&amp;utm_campaign=image&amp;utm_content=3139225\" rel=\"nofollow noopener\" target=\"_blank\">Pixabay<\/a><\/figcaption><\/figure>\n<p>Dzi\u0119ki planerowi szafek online mo\u017cesz nawet zam\u00f3wi\u0107 meble na wymiar przez Internet. Istniej\u0105 jednak wady dla ochrony klimatu. Zakupy lokalne ogromnie zmniejszaj\u0105 emisj\u0119 CO2. Oto kr\u00f3tki przyk\u0142ad:<\/p>\n<p>Szafa 5-drzwiowa wa\u017cy oko\u0142o 300kg wraz z opakowaniem. Przy \u015bredniej odleg\u0142o\u015bci transportu wynosz\u0105cej ponad 400 km wytwarza si\u0119 tu oko\u0142o 10 kg CO2. Je\u015bli kupisz szafk\u0119 regionalnie w swojej lokalizacji oddalonej o 20 km, to tylko 1\/2 kg. Innymi s\u0142owy: niekupowanie w regionie zu\u017cywa \u015brednio oko\u0142o 20 razy wi\u0119cej CO2 ni\u017c kupowanie w regionie, i to tylko w transporcie.<\/p>\n<h4>Co nie jest jeszcze brane pod uwag\u0119: Materia\u0142 opakowaniowy<\/h4>\n<p>To tutaj gromadzi si\u0119 wiele materia\u0142\u00f3w opakowaniowych. Cz\u0119\u015bci mebli s\u0105 owini\u0119te foli\u0105, a plastikowe cz\u0119\u015bci s\u0105 cz\u0119sto przymocowane do rog\u00f3w w celu ochrony. Jest on nast\u0119pnie umieszczany w kartonowym pude\u0142ku i wype\u0142niany materia\u0142em wype\u0142niaj\u0105cym (np. styropianem) dla dodatkowej ochrony. Nast\u0119pnie paczka jest zabezpieczona du\u017c\u0105 ilo\u015bci\u0105 ta\u015bmy klej\u0105cej przed niezamierzonym otwarciem podczas transportu. Oczywi\u015bcie taka szafka nie mie\u015bci si\u0119 w jednym opakowaniu. Gdy wszystko zostanie rozpakowane w domu, masz do czynienia z ogromn\u0105 g\u00f3r\u0105 \u015bmieci.<\/p>\n<p>Jest pow\u00f3d tego szale\u0144stwa na opakowania: ludzie w transporcie towar\u00f3w cz\u0119sto nie obchodz\u0105 si\u0119 z paczkami zbyt ostro\u017cnie. Aby mie\u0107 pewno\u015b\u0107, \u017ce nic nie zostanie uszkodzone, wszystko musi by\u0107 bardzo dobrze zapakowane.<\/p>\n<h4>Jak pakuje si\u0119 stolarz \/ stolarz w Twoim zak\u0142adzie?<\/h4>\n<p>Stolarz \/ stolarz pakuje swoje detale w opakowania wielokrotnego u\u017cytku, takie jak koce. Zrobi\u0142 dla ciebie szafk\u0119 i dlatego r\u00f3wnie\u017c zbudowa\u0142 z ni\u0105 relacj\u0119. Ma szacunek dla swoich klient\u00f3w i dla w\u0142asnej pracy. Dlatego mo\u017ce sobie poradzi\u0107 ze znacznie mniejsz\u0105 ilo\u015bci\u0105 materia\u0142u opakowaniowego, poniewa\u017c jest ostro\u017cny z cz\u0119\u015bciami mebli. Kolejny punkt bonusowy za zakupy regionalne.<\/p>\n<p>Korzystanie z regionalnego planera szafek online ma zatem dwie istotne zalety: Zmniejszasz sw\u00f3j \u015blad CO2, eliminuj\u0105c potrzeb\u0119 d\u0142ugich tras transportowych. Ponadto oszcz\u0119dzasz du\u017co odpad\u00f3w, poniewa\u017c oszcz\u0119dzasz materia\u0142 opakowaniowy. Ponadto opakowania te nie musz\u0105 by\u0107 produkowane w pierwszej kolejno\u015bci, co z kolei oszcz\u0119dza CO2.<\/p>\n<p><a href=\"https:\/\/mregio.de\/pl\/ogolne\/koronawirus-zwieksza-znaczenie-zrownowazonych-i-ekologicznych-produktow\/\">Koronawirus zwi\u0119ksza znaczenie zr\u00f3wnowa\u017conych i ekologicznych produkt\u00f3w<\/a><\/p>\n<p><a href=\"https:\/\/mregio.de\/pl\/szafka-online\/internetowy-program-do-projektowania-szafek-od-lokalnego-stolarza\/\">Internetowy program do projektowania szafek od lokalnego stolarza<\/a><\/p>\n<p><a href=\"https:\/\/mregio.de\/pl\/ufaqs\/co-odroznia-mregio-furniture-planner-od-innych-internetowych-planerow-szafek\/\">Co odr\u00f3\u017cnia MRegio Furniture Planner od innych internetowych planer\u00f3w szafek?<\/a><\/p>\n","protected":false},"excerpt":{"rendered":"<p>Dzi\u0119ki planerowi szafek online mo\u017cesz nawet zam\u00f3wi\u0107 meble na wymiar przez Internet. Istniej\u0105 jednak wady dla ochrony klimatu. Zakupy lokalne ogromnie zmniejszaj\u0105 emisj\u0119 CO2. Oto kr\u00f3tki przyk\u0142ad: Szafa 5-drzwiowa wa\u017cy oko\u0142o 300kg wraz z opakowaniem. Przy \u015bredniej odleg\u0142o\u015bci transportu wynosz\u0105cej ponad 400 km wytwarza si\u0119 tu oko\u0142o 10 kg CO2. Je\u015bli kupisz szafk\u0119 regionalnie w [&hellip;]<\/p>\n","protected":false},"author":1,"featured_media":0,"comment_status":"closed","ping_status":"closed","sticky":false,"template":"","format":"standard","meta":{"footnotes":""},"categories":[1182,1225,1181],"tags":[],"class_list":["post-3329","post","type-post","status-publish","format-standard","hentry","category-ciesla-planista","category-prywatny","category-szafka-online"],"_links":{"self":[{"href":"https:\/\/mregio.de\/pl\/wp-json\/wp\/v2\/posts\/3329","targetHints":{"allow":["GET"]}}],"collection":[{"href":"https:\/\/mregio.de\/pl\/wp-json\/wp\/v2\/posts"}],"about":[{"href":"https:\/\/mregio.de\/pl\/wp-json\/wp\/v2\/types\/post"}],"author":[{"embeddable":true,"href":"https:\/\/mregio.de\/pl\/wp-json\/wp\/v2\/users\/1"}],"replies":[{"embeddable":true,"href":"https:\/\/mregio.de\/pl\/wp-json\/wp\/v2\/comments?post=3329"}],"version-history":[{"count":0,"href":"https:\/\/mregio.de\/pl\/wp-json\/wp\/v2\/posts\/3329\/revisions"}],"wp:attachment":[{"href":"https:\/\/mregio.de\/pl\/wp-json\/wp\/v2\/media?parent=3329"}],"wp:term":[{"taxonomy":"category","embeddable":true,"href":"https:\/\/mregio.de\/pl\/wp-json\/wp\/v2\/categories?post=3329"},{"taxonomy":"post_tag","embeddable":true,"href":"https:\/\/mregio.de\/pl\/wp-json\/wp\/v2\/tags?post=3329"}],"curies":[{"name":"wp","href":"https:\/\/api.w.org\/{rel}","templated":true}]}}