{"id":3302,"date":"2021-04-21T17:37:11","date_gmt":"2021-04-21T15:37:11","guid":{"rendered":"https:\/\/mregio.de\/bez-kategorii\/koronawirus-zwieksza-znaczenie-zrownowazonych-i-ekologicznych-produktow\/"},"modified":"2021-04-21T17:37:11","modified_gmt":"2021-04-21T15:37:11","slug":"koronawirus-zwieksza-znaczenie-zrownowazonych-i-ekologicznych-produktow","status":"publish","type":"post","link":"https:\/\/mregio.de\/pl\/ogolne\/koronawirus-zwieksza-znaczenie-zrownowazonych-i-ekologicznych-produktow\/","title":{"rendered":"Koronawirus zwi\u0119ksza znaczenie zr\u00f3wnowa\u017conych i ekologicznych produkt\u00f3w"},"content":{"rendered":"<p>Wed\u0142ug bada\u0144 przeprowadzonych przez Instytut Handlu i Marketingu Mi\u0119dzynarodowego Uniwersytetu Kraju Saary, tematy ekologiczne, klimatyczne i \u015brodowiskowe maj\u0105 ogromne znaczenie dla konsument\u00f3w nawet w czasie kryzysu.<!--more--><\/p>\n<p>Wed\u0142ug <a href=\"http:\/\/www.hima.uni-saarland.de\/\" target=\"_blank\" rel=\"noopener nofollow\">badania<\/a> oko\u0142o 44 procent respondent\u00f3w stwierdzi\u0142o, \u017ce pandemia koronawirusa zwi\u0119kszy\u0142a ich sk\u0142onno\u015b\u0107 do p\u0142acenia wi\u0119cej za produkty regionalne.<\/p>\n<p>Oko\u0142o trzy czwarte wszystkich respondent\u00f3w uwa\u017ca, \u017ce wa\u017cne jest, aby stosowane produkty nie by\u0142y szkodliwe dla \u015brodowiska.<\/p>\n<p>Liczne inne badania potwierdzaj\u0105 trend w kierunku produkt\u00f3w regionalnych i przyjaznych dla \u015brodowiska.<\/p>\n<p>Z MRegio wymieniasz mar\u017c\u0119 na jako\u015b\u0107 wykonania.<\/p>\n<p>Lokalny stolarz zapewnia kr\u00f3tkie przesuwy i powa\u017cn\u0105 obs\u0142ug\u0119.<\/p>\n<p><img fetchpriority=\"high\" decoding=\"async\" class=\"alignnone wp-image-1348 \" src=\"https:\/\/mregio.de\/wp-content\/uploads\/2021\/04\/Project-018-X-1024x576.png\" alt=\"\" width=\"802\" height=\"451\" title=\"\" srcset=\"https:\/\/mregio.de\/wp-content\/uploads\/2021\/04\/Project-018-X-1024x576.png 1024w, https:\/\/mregio.de\/wp-content\/uploads\/2021\/04\/Project-018-X-300x169.png 300w, https:\/\/mregio.de\/wp-content\/uploads\/2021\/04\/Project-018-X-768x432.png 768w, https:\/\/mregio.de\/wp-content\/uploads\/2021\/04\/Project-018-X.png 1280w\" sizes=\"(max-width: 802px) 100vw, 802px\" \/><\/p>\n<p><a href=\"https:\/\/mregio.de\/pl\/szafka-online\/internetowy-program-do-projektowania-szafek-od-lokalnego-stolarza\/\">Internetowy program do projektowania szafek od lokalnego stolarza<\/a><\/p>\n<p><a href=\"https:\/\/mregio.de\/pl\/szafka-online\/konfiguracja-regalu-i-regalu-online\/\">Konfiguracja rega\u0142u i rega\u0142u online<\/a><\/p>\n<p><a href=\"https:\/\/mregio.de\/pl\/szafka-online\/zdobywanie-klientow-w-internecie-stolarze-startuja\/\">Przyci\u0105ganie klient\u00f3w w Internecie \u2013 stolarze startuj\u0105<\/a><\/p>\n<p>&nbsp;<\/p>\n","protected":false},"excerpt":{"rendered":"<p>Wed\u0142ug bada\u0144 przeprowadzonych przez Instytut Handlu i Marketingu Mi\u0119dzynarodowego Uniwersytetu Kraju Saary, tematy ekologiczne, klimatyczne i \u015brodowiskowe maj\u0105 ogromne znaczenie dla konsument\u00f3w nawet w czasie kryzysu.<\/p>\n","protected":false},"author":1,"featured_media":0,"comment_status":"closed","ping_status":"closed","sticky":false,"template":"","format":"standard","meta":{"footnotes":""},"categories":[1196,1225],"tags":[],"class_list":["post-3302","post","type-post","status-publish","format-standard","hentry","category-ogolne","category-prywatny"],"_links":{"self":[{"href":"https:\/\/mregio.de\/pl\/wp-json\/wp\/v2\/posts\/3302","targetHints":{"allow":["GET"]}}],"collection":[{"href":"https:\/\/mregio.de\/pl\/wp-json\/wp\/v2\/posts"}],"about":[{"href":"https:\/\/mregio.de\/pl\/wp-json\/wp\/v2\/types\/post"}],"author":[{"embeddable":true,"href":"https:\/\/mregio.de\/pl\/wp-json\/wp\/v2\/users\/1"}],"replies":[{"embeddable":true,"href":"https:\/\/mregio.de\/pl\/wp-json\/wp\/v2\/comments?post=3302"}],"version-history":[{"count":0,"href":"https:\/\/mregio.de\/pl\/wp-json\/wp\/v2\/posts\/3302\/revisions"}],"wp:attachment":[{"href":"https:\/\/mregio.de\/pl\/wp-json\/wp\/v2\/media?parent=3302"}],"wp:term":[{"taxonomy":"category","embeddable":true,"href":"https:\/\/mregio.de\/pl\/wp-json\/wp\/v2\/categories?post=3302"},{"taxonomy":"post_tag","embeddable":true,"href":"https:\/\/mregio.de\/pl\/wp-json\/wp\/v2\/tags?post=3302"}],"curies":[{"name":"wp","href":"https:\/\/api.w.org\/{rel}","templated":true}]}}